{"id":1,"date":"2023-04-09T21:45:26","date_gmt":"2023-04-09T19:45:26","guid":{"rendered":"http:\/\/www.amucor94.org\/?p=1"},"modified":"2023-04-10T09:23:43","modified_gmt":"2023-04-10T07:23:43","slug":"bonjour-tout-le-monde","status":"publish","type":"post","link":"https:\/\/www.amucor94.org\/index.php\/2023\/04\/09\/bonjour-tout-le-monde\/","title":{"rendered":"Histoire de l&#8217;AMUCOR94"},"content":{"rendered":"\n<p><a href=\"https:\/\/assoce.fr\/waldec\/W942002328\/A-M-U-C-O-R-94-ASSOCIATION-MEDICALE-DES-URGENTISTES-DE-LA-CLINIQUE-DE-L-ORANGERIE-94-\" data-type=\"URL\" data-id=\"https:\/\/assoce.fr\/waldec\/W942002328\/A-M-U-C-O-R-94-ASSOCIATION-MEDICALE-DES-URGENTISTES-DE-LA-CLINIQUE-DE-L-ORANGERIE-94-\" target=\"_blank\" rel=\"noreferrer noopener\">Cr\u00e9\u00e9e le 17\/07\/2000  par le Dr Bongrand pour les urgentistes de la clinique de l&#8217;Orangerie au Perreux (94)<\/a><\/p>\n\n\n\n<p>D\u00e9velopper la communication, la recherche et la formation m\u00e9dicale des membres de l&#8217;association; Ce d\u00e9veloppement s&#8217;organise selon 4 axes : favoriser la formation permanente de ses membres, en leur permettant une participation active \u00e0 des r\u00e9unions scientifiques, et en organisant l&#8217;acc\u00e8s \u00e0 des revues scientifiques, biblioth\u00e8ques ou vid\u00e9oth\u00e8ques; organiser des r\u00e9unions m\u00e9dicales et\/ou param\u00e9dicales permettant aux professionnels m\u00e9dicaux et param\u00e9dicaux participant au r\u00e9seau de la prise en charge<br><br>Enregistr\u00e9e \u00e0 la sous-pr\u00e9fecture de Nogent-sur-Marne au num\u00e9ro 11 94 66 494 en 2010<br><br>&#8211; FOPAMU 2009, 2010, 2012 et 2013: <br>Forum param\u00e9dical de m\u00e9decine d&#8217;urgence<\/p>\n\n\n\n<p>&#8211; Formation aux gestes d&#8217;urgences 2008 \u00e0 2014<br>(AFGSU et recyclages, avec des formateurs certifi\u00e9s)<\/p>\n\n\n\n<p>&#8211; Formation sur les chariots d&#8217;urgence d&#8217;Armand Brillard 2014, 2015, 2016<\/p>\n\n\n\n<p>&#8211; Formation continue des personnels des urgences depuis 2007<br>Staffs mensuels &#8220;Les mardis des urgences&#8221; stopp\u00e9s par la COVID en 2020<\/p>\n\n\n\n<p>&#8211; Abonnements annuels \u00e0 des revues m\u00e9dicales<\/p>\n","protected":false},"excerpt":{"rendered":"<p>Cr\u00e9\u00e9e le 17\/07\/2000 par le Dr Bongrand pour les urgentistes de la clinique de l&#8217;Orangerie au Perreux (94) D\u00e9velopper la &hellip; <\/p>\n","protected":false},"author":1,"featured_media":0,"comment_status":"open","ping_status":"open","sticky":false,"template":"","format":"standard","meta":{"footnotes":""},"categories":[1],"tags":[],"class_list":["post-1","post","type-post","status-publish","format-standard","hentry","category-non-classe"],"_links":{"self":[{"href":"https:\/\/www.amucor94.org\/index.php\/wp-json\/wp\/v2\/posts\/1","targetHints":{"allow":["GET"]}}],"collection":[{"href":"https:\/\/www.amucor94.org\/index.php\/wp-json\/wp\/v2\/posts"}],"about":[{"href":"https:\/\/www.amucor94.org\/index.php\/wp-json\/wp\/v2\/types\/post"}],"author":[{"embeddable":true,"href":"https:\/\/www.amucor94.org\/index.php\/wp-json\/wp\/v2\/users\/1"}],"replies":[{"embeddable":true,"href":"https:\/\/www.amucor94.org\/index.php\/wp-json\/wp\/v2\/comments?post=1"}],"version-history":[{"count":5,"href":"https:\/\/www.amucor94.org\/index.php\/wp-json\/wp\/v2\/posts\/1\/revisions"}],"predecessor-version":[{"id":64,"href":"https:\/\/www.amucor94.org\/index.php\/wp-json\/wp\/v2\/posts\/1\/revisions\/64"}],"wp:attachment":[{"href":"https:\/\/www.amucor94.org\/index.php\/wp-json\/wp\/v2\/media?parent=1"}],"wp:term":[{"taxonomy":"category","embeddable":true,"href":"https:\/\/www.amucor94.org\/index.php\/wp-json\/wp\/v2\/categories?post=1"},{"taxonomy":"post_tag","embeddable":true,"href":"https:\/\/www.amucor94.org\/index.php\/wp-json\/wp\/v2\/tags?post=1"}],"curies":[{"name":"wp","href":"https:\/\/api.w.org\/{rel}","templated":true}]}}